{"id":5471,"date":"2016-11-14T14:17:00","date_gmt":"2016-11-14T12:17:00","guid":{"rendered":"https:\/\/inform.es\/fundacio-inform-reelegida-como-vicepresidenta-de-la-red-internacional-de-empresas-simuladas\/"},"modified":"2022-12-29T20:36:32","modified_gmt":"2022-12-29T18:36:32","slug":"fundacio-inform-reelegida-como-vicepresidenta-de-la-red-internacional-de-empresas-simuladas","status":"publish","type":"post","link":"https:\/\/inform.es\/es\/fundacio-inform-reelegida-como-vicepresidenta-de-la-red-internacional-de-empresas-simuladas\/","title":{"rendered":"Fundaci\u00f3 Inform reelegida como vicepresidenta de la Red Internacional de Empresas Simuladas"},"content":{"rendered":"<p class=\"Standard\" style=\"text-align: justify\"><span style=\"font-family: Verdana, Arial, Helvetica, sans-serif\"><span style=\"font-size: 14.6667px\">El pasado lunes 7 de noviembre, en la ciudad de Oulu, Finlandia, D. Miquel-Mu\u00e7 Vall i Soler, como director de la Fundaci\u00f3 Inform, fue reelegido por cuarta vez consecutiva como Vicepresidente de la Red Internacional de Empresas Simuladas Europen -Pen International para el a\u00f1o 2017. Esta 47a reuni\u00f3n de socios tambi\u00e9n aprob\u00f3 la entrada de la organizaci\u00f3n KoreaPen (Corea del Sur), HighScope Indonesia Institute (Indonesia) y el Ministerio de Educaci\u00f3n de Kosovo como pa\u00edses y nuevas organizaciones que ya utilizan la simulaci\u00f3n de empresas como metodolog\u00eda de aprendizaje y educaci\u00f3n para diferentes colectivos.<\/span><\/span><\/p>\n<p class=\"Standard\" style=\"text-align: justify\"><span style=\"font-family: Verdana, Arial, Helvetica, sans-serif\"><span style=\"font-size: 14.6667px\">La Red Internacional de Empresas Simuladas Europen-Pen International est\u00e1 formada por m\u00e1s de 25 pa\u00edses socios de todo el mundo que aplican la simulaci\u00f3n empresarial como metodolog\u00eda de formaci\u00f3n. Europen-Pen International cuenta con un centro de coordinaci\u00f3n en la ciudad de Essen (Alemania) y una junta ejecutiva elegida anualmente por los socios de la red internacional. La presidencia de 2017 ha sido para la organizaci\u00f3n suiza Helvartis, el online espa\u00f1ol<\/span><\/span>\u00a0<a href=\"https:\/\/juegosiesta.com\/betsson-casino\/\" target=\"_blank\" rel=\"noopener\">casino Betsson<\/a> la vicepresidencia de Inform y la voz de la italiana Simulimpresa, el dan\u00e9s Simu-Center y la americana VEI International del Departamento de Educaci\u00f3n de la ciudad de Nueva York.<\/p>\n<p class=\"Standard\" style=\"text-align: justify\">\n","protected":false},"excerpt":{"rendered":"<p>El pasado lunes 7 de noviembre, en la ciudad de Oulu, Finlandia, D. Miquel-Mu\u00e7 Vall i Soler, como director de la Fundaci\u00f3 Inform, fue reelegido por cuarta vez consecutiva como Vicepresidente de la Red Internacional de Empresas Simuladas Europen -Pen International para el a\u00f1o 2017. Esta  &#8230;<\/p>\n","protected":false},"author":1,"featured_media":3555,"comment_status":"closed","ping_status":"closed","sticky":false,"template":"","format":"standard","meta":{"_acf_changed":false,"footnotes":""},"categories":[23],"tags":[],"class_list":["post-5471","post","type-post","status-publish","format-standard","has-post-thumbnail","hentry","category-noticias"],"yoast_head":"<!-- This site is optimized with the Yoast SEO plugin v27.3 - https:\/\/yoast.com\/product\/yoast-seo-wordpress\/ -->\n<title>Fundaci\u00f3 Inform reelegida como vicepresidenta de la Red Internacional de Empresas Simuladas<\/title>\n<meta name=\"description\" content=\"La Red Internacional de Empresas Simuladas Europen-Pen International ha elegido como vicepresidente a D. Miquel-Mu\u00e7 Vall i Soler.\" \/>\n<meta name=\"robots\" content=\"index, follow, max-snippet:-1, max-image-preview:large, max-video-preview:-1\" \/>\n<link rel=\"canonical\" href=\"https:\/\/inform.es\/es\/fundacio-inform-reelegida-como-vicepresidenta-de-la-red-internacional-de-empresas-simuladas\/\" \/>\n<meta property=\"og:locale\" content=\"es_ES\" \/>\n<meta property=\"og:type\" content=\"article\" \/>\n<meta property=\"og:title\" content=\"Fundaci\u00f3 Inform reelegida como vicepresidenta de la Red Internacional de Empresas Simuladas\" \/>\n<meta property=\"og:description\" content=\"La Red Internacional de Empresas Simuladas Europen-Pen International ha elegido como vicepresidente a D. Miquel-Mu\u00e7 Vall i Soler.\" \/>\n<meta property=\"og:url\" content=\"https:\/\/inform.es\/es\/fundacio-inform-reelegida-como-vicepresidenta-de-la-red-internacional-de-empresas-simuladas\/\" \/>\n<meta property=\"og:site_name\" content=\"Fundaci\u00f3 Inform\" \/>\n<meta property=\"article:publisher\" content=\"https:\/\/www.facebook.com\/profile.php?id=100004345202006\" \/>\n<meta property=\"article:published_time\" content=\"2016-11-14T12:17:00+00:00\" \/>\n<meta property=\"article:modified_time\" content=\"2022-12-29T18:36:32+00:00\" \/>\n<meta property=\"og:image\" content=\"https:\/\/inform.es\/wp-content\/uploads\/2016\/11\/5a.jpg\" \/>\n\t<meta property=\"og:image:width\" content=\"1875\" \/>\n\t<meta property=\"og:image:height\" content=\"801\" \/>\n\t<meta property=\"og:image:type\" content=\"image\/jpeg\" \/>\n<meta name=\"twitter:card\" content=\"summary_large_image\" \/>\n<meta name=\"twitter:creator\" content=\"@FundacioInform\" \/>\n<meta name=\"twitter:site\" content=\"@FundacioInform\" \/>\n<meta name=\"twitter:label1\" content=\"Escrito por\" \/>\n\t<meta name=\"twitter:data1\" content=\"\" \/>\n\t<meta name=\"twitter:label2\" content=\"Tiempo de lectura\" \/>\n\t<meta name=\"twitter:data2\" content=\"1 minuto\" \/>\n<script type=\"application\/ld+json\" class=\"yoast-schema-graph\">{\"@context\":\"https:\\\/\\\/schema.org\",\"@graph\":[{\"@type\":\"Article\",\"@id\":\"https:\\\/\\\/inform.es\\\/es\\\/fundacio-inform-reelegida-como-vicepresidenta-de-la-red-internacional-de-empresas-simuladas\\\/#article\",\"isPartOf\":{\"@id\":\"https:\\\/\\\/inform.es\\\/es\\\/fundacio-inform-reelegida-como-vicepresidenta-de-la-red-internacional-de-empresas-simuladas\\\/\"},\"author\":{\"name\":\"\",\"@id\":\"\"},\"headline\":\"Fundaci\u00f3 Inform reelegida como vicepresidenta de la Red Internacional de Empresas Simuladas\",\"datePublished\":\"2016-11-14T12:17:00+00:00\",\"dateModified\":\"2022-12-29T18:36:32+00:00\",\"mainEntityOfPage\":{\"@id\":\"https:\\\/\\\/inform.es\\\/es\\\/fundacio-inform-reelegida-como-vicepresidenta-de-la-red-internacional-de-empresas-simuladas\\\/\"},\"wordCount\":221,\"publisher\":{\"@id\":\"https:\\\/\\\/inform.es\\\/es\\\/#organization\"},\"image\":{\"@id\":\"https:\\\/\\\/inform.es\\\/es\\\/fundacio-inform-reelegida-como-vicepresidenta-de-la-red-internacional-de-empresas-simuladas\\\/#primaryimage\"},\"thumbnailUrl\":\"https:\\\/\\\/inform.es\\\/wp-content\\\/uploads\\\/2016\\\/11\\\/5a.jpg\",\"articleSection\":[\"Noticias\"],\"inLanguage\":\"es\"},{\"@type\":\"WebPage\",\"@id\":\"https:\\\/\\\/inform.es\\\/es\\\/fundacio-inform-reelegida-como-vicepresidenta-de-la-red-internacional-de-empresas-simuladas\\\/\",\"url\":\"https:\\\/\\\/inform.es\\\/es\\\/fundacio-inform-reelegida-como-vicepresidenta-de-la-red-internacional-de-empresas-simuladas\\\/\",\"name\":\"Fundaci\u00f3 Inform reelegida como vicepresidenta de la Red Internacional de Empresas Simuladas\",\"isPartOf\":{\"@id\":\"https:\\\/\\\/inform.es\\\/es\\\/#website\"},\"primaryImageOfPage\":{\"@id\":\"https:\\\/\\\/inform.es\\\/es\\\/fundacio-inform-reelegida-como-vicepresidenta-de-la-red-internacional-de-empresas-simuladas\\\/#primaryimage\"},\"image\":{\"@id\":\"https:\\\/\\\/inform.es\\\/es\\\/fundacio-inform-reelegida-como-vicepresidenta-de-la-red-internacional-de-empresas-simuladas\\\/#primaryimage\"},\"thumbnailUrl\":\"https:\\\/\\\/inform.es\\\/wp-content\\\/uploads\\\/2016\\\/11\\\/5a.jpg\",\"datePublished\":\"2016-11-14T12:17:00+00:00\",\"dateModified\":\"2022-12-29T18:36:32+00:00\",\"description\":\"La Red Internacional de Empresas Simuladas Europen-Pen International ha elegido como vicepresidente a D. Miquel-Mu\u00e7 Vall i Soler.\",\"breadcrumb\":{\"@id\":\"https:\\\/\\\/inform.es\\\/es\\\/fundacio-inform-reelegida-como-vicepresidenta-de-la-red-internacional-de-empresas-simuladas\\\/#breadcrumb\"},\"inLanguage\":\"es\",\"potentialAction\":[{\"@type\":\"ReadAction\",\"target\":[\"https:\\\/\\\/inform.es\\\/es\\\/fundacio-inform-reelegida-como-vicepresidenta-de-la-red-internacional-de-empresas-simuladas\\\/\"]}]},{\"@type\":\"ImageObject\",\"inLanguage\":\"es\",\"@id\":\"https:\\\/\\\/inform.es\\\/es\\\/fundacio-inform-reelegida-como-vicepresidenta-de-la-red-internacional-de-empresas-simuladas\\\/#primaryimage\",\"url\":\"https:\\\/\\\/inform.es\\\/wp-content\\\/uploads\\\/2016\\\/11\\\/5a.jpg\",\"contentUrl\":\"https:\\\/\\\/inform.es\\\/wp-content\\\/uploads\\\/2016\\\/11\\\/5a.jpg\",\"width\":1875,\"height\":801,\"caption\":\"5a\"},{\"@type\":\"BreadcrumbList\",\"@id\":\"https:\\\/\\\/inform.es\\\/es\\\/fundacio-inform-reelegida-como-vicepresidenta-de-la-red-internacional-de-empresas-simuladas\\\/#breadcrumb\",\"itemListElement\":[{\"@type\":\"ListItem\",\"position\":1,\"name\":\"Inici\",\"item\":\"https:\\\/\\\/inform.es\\\/es\\\/\"},{\"@type\":\"ListItem\",\"position\":2,\"name\":\"Fundaci\u00f3 Inform reelegida como vicepresidenta de la Red Internacional de Empresas Simuladas\"}]},{\"@type\":\"WebSite\",\"@id\":\"https:\\\/\\\/inform.es\\\/es\\\/#website\",\"url\":\"https:\\\/\\\/inform.es\\\/es\\\/\",\"name\":\"Fundaci\u00f3 Inform\",\"description\":\"Convertim l&#039;aula en empresa per aconseguir les compet\u00e8ncies professionals de tots els llocs de treball.\",\"publisher\":{\"@id\":\"https:\\\/\\\/inform.es\\\/es\\\/#organization\"},\"potentialAction\":[{\"@type\":\"SearchAction\",\"target\":{\"@type\":\"EntryPoint\",\"urlTemplate\":\"https:\\\/\\\/inform.es\\\/es\\\/?s={search_term_string}\"},\"query-input\":{\"@type\":\"PropertyValueSpecification\",\"valueRequired\":true,\"valueName\":\"search_term_string\"}}],\"inLanguage\":\"es\"},{\"@type\":\"Organization\",\"@id\":\"https:\\\/\\\/inform.es\\\/es\\\/#organization\",\"name\":\"Fundaci\u00f3 Inform\",\"url\":\"https:\\\/\\\/inform.es\\\/es\\\/\",\"logo\":{\"@type\":\"ImageObject\",\"inLanguage\":\"es\",\"@id\":\"https:\\\/\\\/inform.es\\\/es\\\/#\\\/schema\\\/logo\\\/image\\\/\",\"url\":\"https:\\\/\\\/inform.es\\\/wp-content\\\/uploads\\\/2022\\\/07\\\/logo-inform-200x79-1.png\",\"contentUrl\":\"https:\\\/\\\/inform.es\\\/wp-content\\\/uploads\\\/2022\\\/07\\\/logo-inform-200x79-1.png\",\"width\":200,\"height\":79,\"caption\":\"Fundaci\u00f3 Inform\"},\"image\":{\"@id\":\"https:\\\/\\\/inform.es\\\/es\\\/#\\\/schema\\\/logo\\\/image\\\/\"},\"sameAs\":[\"https:\\\/\\\/www.facebook.com\\\/profile.php?id=100004345202006\",\"https:\\\/\\\/x.com\\\/FundacioInform\",\"https:\\\/\\\/www.linkedin.com\\\/company\\\/fundaci-inform\\\/\",\"https:\\\/\\\/www.youtube.com\\\/user\\\/FUNDACIOINFORM\"]},{\"@type\":\"Person\",\"@id\":\"\",\"url\":\"https:\\\/\\\/inform.es\\\/es\\\/author\\\/\"}]}<\/script>\n<!-- \/ Yoast SEO plugin. -->","yoast_head_json":{"title":"Fundaci\u00f3 Inform reelegida como vicepresidenta de la Red Internacional de Empresas Simuladas","description":"La Red Internacional de Empresas Simuladas Europen-Pen International ha elegido como vicepresidente a D. Miquel-Mu\u00e7 Vall i Soler.","robots":{"index":"index","follow":"follow","max-snippet":"max-snippet:-1","max-image-preview":"max-image-preview:large","max-video-preview":"max-video-preview:-1"},"canonical":"https:\/\/inform.es\/es\/fundacio-inform-reelegida-como-vicepresidenta-de-la-red-internacional-de-empresas-simuladas\/","og_locale":"es_ES","og_type":"article","og_title":"Fundaci\u00f3 Inform reelegida como vicepresidenta de la Red Internacional de Empresas Simuladas","og_description":"La Red Internacional de Empresas Simuladas Europen-Pen International ha elegido como vicepresidente a D. Miquel-Mu\u00e7 Vall i Soler.","og_url":"https:\/\/inform.es\/es\/fundacio-inform-reelegida-como-vicepresidenta-de-la-red-internacional-de-empresas-simuladas\/","og_site_name":"Fundaci\u00f3 Inform","article_publisher":"https:\/\/www.facebook.com\/profile.php?id=100004345202006","article_published_time":"2016-11-14T12:17:00+00:00","article_modified_time":"2022-12-29T18:36:32+00:00","og_image":[{"width":1875,"height":801,"url":"https:\/\/inform.es\/wp-content\/uploads\/2016\/11\/5a.jpg","type":"image\/jpeg"}],"twitter_card":"summary_large_image","twitter_creator":"@FundacioInform","twitter_site":"@FundacioInform","twitter_misc":{"Escrito por":"","Tiempo de lectura":"1 minuto"},"schema":{"@context":"https:\/\/schema.org","@graph":[{"@type":"Article","@id":"https:\/\/inform.es\/es\/fundacio-inform-reelegida-como-vicepresidenta-de-la-red-internacional-de-empresas-simuladas\/#article","isPartOf":{"@id":"https:\/\/inform.es\/es\/fundacio-inform-reelegida-como-vicepresidenta-de-la-red-internacional-de-empresas-simuladas\/"},"author":{"name":"","@id":""},"headline":"Fundaci\u00f3 Inform reelegida como vicepresidenta de la Red Internacional de Empresas Simuladas","datePublished":"2016-11-14T12:17:00+00:00","dateModified":"2022-12-29T18:36:32+00:00","mainEntityOfPage":{"@id":"https:\/\/inform.es\/es\/fundacio-inform-reelegida-como-vicepresidenta-de-la-red-internacional-de-empresas-simuladas\/"},"wordCount":221,"publisher":{"@id":"https:\/\/inform.es\/es\/#organization"},"image":{"@id":"https:\/\/inform.es\/es\/fundacio-inform-reelegida-como-vicepresidenta-de-la-red-internacional-de-empresas-simuladas\/#primaryimage"},"thumbnailUrl":"https:\/\/inform.es\/wp-content\/uploads\/2016\/11\/5a.jpg","articleSection":["Noticias"],"inLanguage":"es"},{"@type":"WebPage","@id":"https:\/\/inform.es\/es\/fundacio-inform-reelegida-como-vicepresidenta-de-la-red-internacional-de-empresas-simuladas\/","url":"https:\/\/inform.es\/es\/fundacio-inform-reelegida-como-vicepresidenta-de-la-red-internacional-de-empresas-simuladas\/","name":"Fundaci\u00f3 Inform reelegida como vicepresidenta de la Red Internacional de Empresas Simuladas","isPartOf":{"@id":"https:\/\/inform.es\/es\/#website"},"primaryImageOfPage":{"@id":"https:\/\/inform.es\/es\/fundacio-inform-reelegida-como-vicepresidenta-de-la-red-internacional-de-empresas-simuladas\/#primaryimage"},"image":{"@id":"https:\/\/inform.es\/es\/fundacio-inform-reelegida-como-vicepresidenta-de-la-red-internacional-de-empresas-simuladas\/#primaryimage"},"thumbnailUrl":"https:\/\/inform.es\/wp-content\/uploads\/2016\/11\/5a.jpg","datePublished":"2016-11-14T12:17:00+00:00","dateModified":"2022-12-29T18:36:32+00:00","description":"La Red Internacional de Empresas Simuladas Europen-Pen International ha elegido como vicepresidente a D. Miquel-Mu\u00e7 Vall i Soler.","breadcrumb":{"@id":"https:\/\/inform.es\/es\/fundacio-inform-reelegida-como-vicepresidenta-de-la-red-internacional-de-empresas-simuladas\/#breadcrumb"},"inLanguage":"es","potentialAction":[{"@type":"ReadAction","target":["https:\/\/inform.es\/es\/fundacio-inform-reelegida-como-vicepresidenta-de-la-red-internacional-de-empresas-simuladas\/"]}]},{"@type":"ImageObject","inLanguage":"es","@id":"https:\/\/inform.es\/es\/fundacio-inform-reelegida-como-vicepresidenta-de-la-red-internacional-de-empresas-simuladas\/#primaryimage","url":"https:\/\/inform.es\/wp-content\/uploads\/2016\/11\/5a.jpg","contentUrl":"https:\/\/inform.es\/wp-content\/uploads\/2016\/11\/5a.jpg","width":1875,"height":801,"caption":"5a"},{"@type":"BreadcrumbList","@id":"https:\/\/inform.es\/es\/fundacio-inform-reelegida-como-vicepresidenta-de-la-red-internacional-de-empresas-simuladas\/#breadcrumb","itemListElement":[{"@type":"ListItem","position":1,"name":"Inici","item":"https:\/\/inform.es\/es\/"},{"@type":"ListItem","position":2,"name":"Fundaci\u00f3 Inform reelegida como vicepresidenta de la Red Internacional de Empresas Simuladas"}]},{"@type":"WebSite","@id":"https:\/\/inform.es\/es\/#website","url":"https:\/\/inform.es\/es\/","name":"Fundaci\u00f3 Inform","description":"Convertim l&#039;aula en empresa per aconseguir les compet\u00e8ncies professionals de tots els llocs de treball.","publisher":{"@id":"https:\/\/inform.es\/es\/#organization"},"potentialAction":[{"@type":"SearchAction","target":{"@type":"EntryPoint","urlTemplate":"https:\/\/inform.es\/es\/?s={search_term_string}"},"query-input":{"@type":"PropertyValueSpecification","valueRequired":true,"valueName":"search_term_string"}}],"inLanguage":"es"},{"@type":"Organization","@id":"https:\/\/inform.es\/es\/#organization","name":"Fundaci\u00f3 Inform","url":"https:\/\/inform.es\/es\/","logo":{"@type":"ImageObject","inLanguage":"es","@id":"https:\/\/inform.es\/es\/#\/schema\/logo\/image\/","url":"https:\/\/inform.es\/wp-content\/uploads\/2022\/07\/logo-inform-200x79-1.png","contentUrl":"https:\/\/inform.es\/wp-content\/uploads\/2022\/07\/logo-inform-200x79-1.png","width":200,"height":79,"caption":"Fundaci\u00f3 Inform"},"image":{"@id":"https:\/\/inform.es\/es\/#\/schema\/logo\/image\/"},"sameAs":["https:\/\/www.facebook.com\/profile.php?id=100004345202006","https:\/\/x.com\/FundacioInform","https:\/\/www.linkedin.com\/company\/fundaci-inform\/","https:\/\/www.youtube.com\/user\/FUNDACIOINFORM"]},{"@type":"Person","@id":"","url":"https:\/\/inform.es\/es\/author\/"}]}},"acf":[],"_links":{"self":[{"href":"https:\/\/inform.es\/es\/wp-json\/wp\/v2\/posts\/5471","targetHints":{"allow":["GET"]}}],"collection":[{"href":"https:\/\/inform.es\/es\/wp-json\/wp\/v2\/posts"}],"about":[{"href":"https:\/\/inform.es\/es\/wp-json\/wp\/v2\/types\/post"}],"author":[{"embeddable":true,"href":"https:\/\/inform.es\/es\/wp-json\/wp\/v2\/users\/1"}],"replies":[{"embeddable":true,"href":"https:\/\/inform.es\/es\/wp-json\/wp\/v2\/comments?post=5471"}],"version-history":[{"count":1,"href":"https:\/\/inform.es\/es\/wp-json\/wp\/v2\/posts\/5471\/revisions"}],"predecessor-version":[{"id":6845,"href":"https:\/\/inform.es\/es\/wp-json\/wp\/v2\/posts\/5471\/revisions\/6845"}],"wp:featuredmedia":[{"embeddable":true,"href":"https:\/\/inform.es\/es\/wp-json\/wp\/v2\/media\/3555"}],"wp:attachment":[{"href":"https:\/\/inform.es\/es\/wp-json\/wp\/v2\/media?parent=5471"}],"wp:term":[{"taxonomy":"category","embeddable":true,"href":"https:\/\/inform.es\/es\/wp-json\/wp\/v2\/categories?post=5471"},{"taxonomy":"post_tag","embeddable":true,"href":"https:\/\/inform.es\/es\/wp-json\/wp\/v2\/tags?post=5471"}],"curies":[{"name":"wp","href":"https:\/\/api.w.org\/{rel}","templated":true}]}}